{"id":420,"date":"2020-05-13T17:59:00","date_gmt":"2020-05-13T15:59:00","guid":{"rendered":"https:\/\/michalhejna.cz\/blog\/?p=420"},"modified":"2020-07-10T14:13:15","modified_gmt":"2020-07-10T12:13:15","slug":"landscapes-of-imagination-krajiny-imaginace","status":"publish","type":"post","link":"https:\/\/michalhejna.cz\/blog\/2020\/05\/13\/landscapes-of-imagination-krajiny-imaginace\/","title":{"rendered":"Landscapes of Imagination \/ Krajiny imaginace"},"content":{"rendered":"\n<p>Let me introduce my actually most important project \u2014 Landscapes of Imagination. How did I get the idea? It was something like this:<\/p>\n\n\n\n<blockquote class=\"wp-block-quote is-layout-flow wp-block-quote-is-layout-flow\"><p>I first came across the Compositions in one&nbsp;gallerist&#8217;s office in Mikulandska Street. That space was stuffed mostly with art objects. In the middle of the room, there were&nbsp;chairs and a&nbsp;table by architect Pleskot. There were plenty of paintings, prints and statuettes everywhere. Suddenly I&nbsp;saw a&nbsp;wire sculpture by Malich. There was very little light, I&nbsp;only took two shots. When I&nbsp;observed it at home I&nbsp;liked it. That was the beginning of my journey.<br><br>I followed that path for quite some time. I&nbsp;work in an office building where the walls are made of concrete. Coincidentally, it was also designed by architect Pleskot, like the chairs and the table in that gallerist\u2018s office. Suddenly something started to really come out of it. That completely consumed me. Surface structures of things and various solutions of space as a&nbsp;geometry of the shapes.<br><br>Other things followed. I&nbsp;remembered the Landscapes of Imagination. The landscape created from cracks in asphalt I&nbsp;photographed many years ago. What we all tread every day without noticing it. The theme of Compositions began to be wide enough for me to find myself completely in it. But I&nbsp;just had to be careful not to start repeating myself.<br><br>Should I&nbsp;continue? Time will tell, but those landscapes are asking for it unquestionably.&nbsp;<\/p><\/blockquote>\n\n\n\n<p>I&nbsp;found inspiration for this cycle especially in the paintings of the Czech painters V\u00e1clava Bo\u0161t\u00edk and Josef \u0160\u00edma. He was one of the prominent personalities of European modern painting. \u0160\u00edma was close to Surrealism but focused more on the symbolic dimension of the image. In the late period, he came to light abstract paintings. Currently, <a href=\"https:\/\/michalhejna.cz\/blog\/gallery\/landscapes-of-imaginations\/\">the gallery<\/a> consists of 14 photos. But you have something to look forward to, more pictures will be added soon.<\/p>\n\n\n\n<div class=\"wp-block-image\"><figure class=\"aligncenter size-large\"><img data-recalc-dims=\"1\" loading=\"lazy\" decoding=\"async\" width=\"600\" height=\"600\" src=\"https:\/\/i0.wp.com\/michalhejna.cz\/blog\/wp-content\/uploads\/2020\/05\/krajiny-imaginace_kdyz-odeslo-slunce_when-the-sun-disappeared.jpg?resize=600%2C600&#038;ssl=1\" alt=\"\" class=\"wp-image-428\" srcset=\"https:\/\/i0.wp.com\/michalhejna.cz\/blog\/wp-content\/uploads\/2020\/05\/krajiny-imaginace_kdyz-odeslo-slunce_when-the-sun-disappeared.jpg?w=600&amp;ssl=1 600w, https:\/\/i0.wp.com\/michalhejna.cz\/blog\/wp-content\/uploads\/2020\/05\/krajiny-imaginace_kdyz-odeslo-slunce_when-the-sun-disappeared.jpg?resize=300%2C300&amp;ssl=1 300w, https:\/\/i0.wp.com\/michalhejna.cz\/blog\/wp-content\/uploads\/2020\/05\/krajiny-imaginace_kdyz-odeslo-slunce_when-the-sun-disappeared.jpg?resize=150%2C150&amp;ssl=1 150w\" sizes=\"auto, (max-width: 600px) 100vw, 600px\" \/><\/figure><\/div>\n\n\n\n<p>Dovolte mi p\u0159edstavit m\u016fj v sou\u010dasnosti nejd\u016fle\u017eit\u011bj\u0161\u00ed projekt \u2014 Krajiny imaginace. Jak jsem k nim vlastn\u011b p\u0159i\u0161el? To bylo tak:<\/p>\n\n\n\n<blockquote class=\"wp-block-quote is-layout-flow wp-block-quote-is-layout-flow\"><p>O&nbsp;Kompozice jsem zakopnul v&nbsp;pracovn\u011b jednoho galeristy v&nbsp;Mikulandsk\u00e9 ulici. Prostor nap\u011bchovan\u00fd v\u011bcmi povahy p\u0159ev\u00e1\u017en\u011b um\u011bleck\u00e9. Uprost\u0159ed \u017eidle a&nbsp;st\u016fl od&nbsp;architekta Pleskota, v\u0161ude spousta obraz\u016f, grafik a&nbsp;n\u011bjak\u00e9 so\u0161ky. Uvid\u011bl jsem tam proti stropu vzty\u010denou dr\u00e1t\u011bnou plastiku od&nbsp;Malicha. M\u00e1lo sv\u011btla, v\u0161eho v\u0161udy dva z\u00e1b\u011bry. Kdy\u017e jsem pak na&nbsp;to doma koukal, zal\u00edbilo se mi to. To byl jen za\u010d\u00e1tek.<br><br>N\u011bjak\u00fd \u010das jsem v&nbsp;tom z\u016fstal. V&nbsp;kancel\u00e1\u0159sk\u00e9 budov\u011b, ve&nbsp;kter\u00e9 pracuji a&nbsp;tr\u00e1v\u00edm t\u00edm p\u00e1dem spoustu \u010dasu, jsou st\u011bny z&nbsp;pohledov\u00e9ho betonu \u2014 shodou okolnost\u00ed taky podle n\u00e1vrhu architekta Pleskota, stejn\u011b jako n\u00e1bytek v&nbsp;t\u00e9 pracovn\u011b. Najednou z&nbsp;toho za\u010dalo n\u011bco vylejzat. To u\u017e jsem v&nbsp;tom byl pono\u0159enej a\u017e po&nbsp;u\u0161i. Struktury povrchu v\u011bc\u00ed a&nbsp;r\u016fzn\u00e1 \u0159e\u0161en\u00ed prostoru jako geometrie tvar\u016f.<br><br>Dal\u0161\u00ed pokra\u010dov\u00e1n\u00ed n\u00e1sledovalo. Vzpomn\u011bl jsem si na&nbsp;Krajiny imaginace. Krajiny z&nbsp;puklin v&nbsp;asfaltu. Po&nbsp;\u010dem bez pov\u0161imnut\u00ed ka\u017edodenn\u011b \u0161lapeme. T\u00e9ma kompozic za\u010dalo b\u00fdt dost \u0161irok\u00e9 na&nbsp;to, abych se v&nbsp;tom na\u0161el \u00fapln\u011b. Ale p\u0159ib\u00fdvalo to pomalu. Taky jsem si musel d\u00e1vat pozor, abych se v&nbsp;tom neutopil \u2014 sv\u00e1d\u00ed to k&nbsp;opakov\u00e1n\u00ed.<br><br>No a&nbsp;jestli budu pokra\u010dovat? \u010cas uk\u00e1\u017ee, ty krajiny si o&nbsp;to vylo\u017een\u011b \u0159\u00edkaj.<\/p><\/blockquote>\n\n\n\n<p>Inspiraci k&nbsp;tomuto cyklu jsem na\u0161el zejm\u00e9na v&nbsp;malb\u00e1ch \u010desk\u00fdch mal\u00ed\u0159\u016f V\u00e1clava Bo\u0161t\u00edka a zejm\u00e9na Josefa \u0160\u00edmy, kter\u00fd pat\u0159il k&nbsp;v\u00fdznamn\u00fdm osobnostem evropsk\u00e9ho modern\u00edho mal\u00ed\u0159stv\u00ed. M\u011bl bl\u00edzko k&nbsp;surrealismu, zam\u011b\u0159oval se v\u0161ak v\u00edce na&nbsp;symbolick\u00fd rozm\u011br obrazu, v&nbsp;pozdn\u00edm obdob\u00ed dosp\u011bl a\u017e ke&nbsp;sv\u011bteln\u00fdm abstraktn\u00edm malb\u00e1m. Aktu\u00e1ln\u011b je <a href=\"https:\/\/michalhejna.cz\/blog\/gallery\/landscapes-of-imaginations\/\">v galerii<\/a> 14 fotografi\u00ed, ale m\u00e1te se na co t\u011b\u0161it, dal\u0161\u00ed budou p\u0159ib\u00fdvat.<\/p>\n","protected":false},"excerpt":{"rendered":"<p>Let me introduce my actually most important project \u2014 Landscapes of Imagination. How did I get the idea? It was something like this &#8230;<\/p>\n","protected":false},"author":1,"featured_media":433,"comment_status":"open","ping_status":"open","sticky":false,"template":"","format":"standard","meta":{"_jetpack_memberships_contains_paid_content":false,"footnotes":""},"categories":[14],"tags":[19,20,24],"class_list":["post-420","post","type-post","status-publish","format-standard","has-post-thumbnail","hentry","category-news","tag-abstract","tag-colour","tag-portfolio"],"yoast_head":"<!-- This site is optimized with the Yoast SEO plugin v27.4 - https:\/\/yoast.com\/product\/yoast-seo-wordpress\/ -->\n<title>Landscapes of Imagination \/ Krajiny imaginace - Michal Hejna<\/title>\n<meta name=\"description\" content=\"Let me introduce my actual most important project \u2014 Landscapes of Imagination. How did I get the idea? It was something like this ...\" \/>\n<meta name=\"robots\" content=\"index, follow, max-snippet:-1, max-image-preview:large, max-video-preview:-1\" \/>\n<link rel=\"canonical\" href=\"https:\/\/michalhejna.cz\/blog\/2020\/05\/13\/landscapes-of-imagination-krajiny-imaginace\/\" \/>\n<meta property=\"og:locale\" content=\"cs_CZ\" \/>\n<meta property=\"og:type\" content=\"article\" \/>\n<meta property=\"og:title\" content=\"Landscapes of Imagination \/ Krajiny imaginace\" \/>\n<meta property=\"og:description\" content=\"Dovolte mi p\u0159edstavit m\u016fj v sou\u010dasnosti nejd\u016fle\u017eit\u011bj\u0161\u00ed projekt \u2014 Krajiny imaginace. Jak jsem k nim vlastn\u011b p\u0159i\u0161el? To bylo tak...\" \/>\n<meta property=\"og:url\" content=\"https:\/\/michalhejna.cz\/blog\/2020\/05\/13\/landscapes-of-imagination-krajiny-imaginace\/\" \/>\n<meta property=\"og:site_name\" content=\"Michal Hejna\" \/>\n<meta property=\"article:published_time\" content=\"2020-05-13T15:59:00+00:00\" \/>\n<meta property=\"article:modified_time\" content=\"2020-07-10T12:13:15+00:00\" \/>\n<meta property=\"og:image\" content=\"https:\/\/michalhejna.cz\/blog\/wp-content\/uploads\/2020\/05\/krajiny-imaginace_utes_cliff.jpg\" \/>\n\t<meta property=\"og:image:width\" content=\"600\" \/>\n\t<meta property=\"og:image:height\" content=\"600\" \/>\n\t<meta property=\"og:image:type\" content=\"image\/jpeg\" \/>\n<meta name=\"author\" content=\"michalhejna\" \/>\n<meta name=\"twitter:card\" content=\"summary_large_image\" \/>\n<meta name=\"twitter:label1\" content=\"Napsal(a)\" \/>\n\t<meta name=\"twitter:data1\" content=\"michalhejna\" \/>\n\t<meta name=\"twitter:label2\" content=\"Odhadovan\u00e1 doba \u010dten\u00ed\" \/>\n\t<meta name=\"twitter:data2\" content=\"4 minuty\" \/>\n<script type=\"application\/ld+json\" class=\"yoast-schema-graph\">{\"@context\":\"https:\\\/\\\/schema.org\",\"@graph\":[{\"@type\":\"Article\",\"@id\":\"https:\\\/\\\/michalhejna.cz\\\/blog\\\/2020\\\/05\\\/13\\\/landscapes-of-imagination-krajiny-imaginace\\\/#article\",\"isPartOf\":{\"@id\":\"https:\\\/\\\/michalhejna.cz\\\/blog\\\/2020\\\/05\\\/13\\\/landscapes-of-imagination-krajiny-imaginace\\\/\"},\"author\":{\"name\":\"michalhejna\",\"@id\":\"https:\\\/\\\/michalhejna.cz\\\/blog\\\/#\\\/schema\\\/person\\\/6d1d95e2413952dd3b1ce433f4d3013c\"},\"headline\":\"Landscapes of Imagination \\\/ Krajiny imaginace\",\"datePublished\":\"2020-05-13T15:59:00+00:00\",\"dateModified\":\"2020-07-10T12:13:15+00:00\",\"mainEntityOfPage\":{\"@id\":\"https:\\\/\\\/michalhejna.cz\\\/blog\\\/2020\\\/05\\\/13\\\/landscapes-of-imagination-krajiny-imaginace\\\/\"},\"wordCount\":743,\"commentCount\":2,\"publisher\":{\"@id\":\"https:\\\/\\\/michalhejna.cz\\\/blog\\\/#\\\/schema\\\/person\\\/6d1d95e2413952dd3b1ce433f4d3013c\"},\"image\":{\"@id\":\"https:\\\/\\\/michalhejna.cz\\\/blog\\\/2020\\\/05\\\/13\\\/landscapes-of-imagination-krajiny-imaginace\\\/#primaryimage\"},\"thumbnailUrl\":\"https:\\\/\\\/i0.wp.com\\\/michalhejna.cz\\\/blog\\\/wp-content\\\/uploads\\\/2020\\\/05\\\/krajiny-imaginace_utes_cliff.jpg?fit=600%2C600&ssl=1\",\"keywords\":[\"abstract\",\"colour\",\"portfolio\"],\"articleSection\":[\"News \\\/ Novinky\"],\"inLanguage\":\"cs\",\"potentialAction\":[{\"@type\":\"CommentAction\",\"name\":\"Comment\",\"target\":[\"https:\\\/\\\/michalhejna.cz\\\/blog\\\/2020\\\/05\\\/13\\\/landscapes-of-imagination-krajiny-imaginace\\\/#respond\"]}]},{\"@type\":\"WebPage\",\"@id\":\"https:\\\/\\\/michalhejna.cz\\\/blog\\\/2020\\\/05\\\/13\\\/landscapes-of-imagination-krajiny-imaginace\\\/\",\"url\":\"https:\\\/\\\/michalhejna.cz\\\/blog\\\/2020\\\/05\\\/13\\\/landscapes-of-imagination-krajiny-imaginace\\\/\",\"name\":\"Landscapes of Imagination \\\/ Krajiny imaginace - Michal Hejna\",\"isPartOf\":{\"@id\":\"https:\\\/\\\/michalhejna.cz\\\/blog\\\/#website\"},\"primaryImageOfPage\":{\"@id\":\"https:\\\/\\\/michalhejna.cz\\\/blog\\\/2020\\\/05\\\/13\\\/landscapes-of-imagination-krajiny-imaginace\\\/#primaryimage\"},\"image\":{\"@id\":\"https:\\\/\\\/michalhejna.cz\\\/blog\\\/2020\\\/05\\\/13\\\/landscapes-of-imagination-krajiny-imaginace\\\/#primaryimage\"},\"thumbnailUrl\":\"https:\\\/\\\/i0.wp.com\\\/michalhejna.cz\\\/blog\\\/wp-content\\\/uploads\\\/2020\\\/05\\\/krajiny-imaginace_utes_cliff.jpg?fit=600%2C600&ssl=1\",\"datePublished\":\"2020-05-13T15:59:00+00:00\",\"dateModified\":\"2020-07-10T12:13:15+00:00\",\"description\":\"Let me introduce my actual most important project \u2014 Landscapes of Imagination. How did I get the idea? It was something like this ...\",\"breadcrumb\":{\"@id\":\"https:\\\/\\\/michalhejna.cz\\\/blog\\\/2020\\\/05\\\/13\\\/landscapes-of-imagination-krajiny-imaginace\\\/#breadcrumb\"},\"inLanguage\":\"cs\",\"potentialAction\":[{\"@type\":\"ReadAction\",\"target\":[\"https:\\\/\\\/michalhejna.cz\\\/blog\\\/2020\\\/05\\\/13\\\/landscapes-of-imagination-krajiny-imaginace\\\/\"]}]},{\"@type\":\"ImageObject\",\"inLanguage\":\"cs\",\"@id\":\"https:\\\/\\\/michalhejna.cz\\\/blog\\\/2020\\\/05\\\/13\\\/landscapes-of-imagination-krajiny-imaginace\\\/#primaryimage\",\"url\":\"https:\\\/\\\/i0.wp.com\\\/michalhejna.cz\\\/blog\\\/wp-content\\\/uploads\\\/2020\\\/05\\\/krajiny-imaginace_utes_cliff.jpg?fit=600%2C600&ssl=1\",\"contentUrl\":\"https:\\\/\\\/i0.wp.com\\\/michalhejna.cz\\\/blog\\\/wp-content\\\/uploads\\\/2020\\\/05\\\/krajiny-imaginace_utes_cliff.jpg?fit=600%2C600&ssl=1\",\"width\":600,\"height\":600,\"caption\":\"CLIFF \\\/ \u00daTES\"},{\"@type\":\"BreadcrumbList\",\"@id\":\"https:\\\/\\\/michalhejna.cz\\\/blog\\\/2020\\\/05\\\/13\\\/landscapes-of-imagination-krajiny-imaginace\\\/#breadcrumb\",\"itemListElement\":[{\"@type\":\"ListItem\",\"position\":1,\"name\":\"Dom\u016f\",\"item\":\"https:\\\/\\\/michalhejna.cz\\\/blog\\\/\"},{\"@type\":\"ListItem\",\"position\":2,\"name\":\"Landscapes of Imagination \\\/ Krajiny imaginace\"}]},{\"@type\":\"WebSite\",\"@id\":\"https:\\\/\\\/michalhejna.cz\\\/blog\\\/#website\",\"url\":\"https:\\\/\\\/michalhejna.cz\\\/blog\\\/\",\"name\":\"Michal Hejna\",\"description\":\"\",\"publisher\":{\"@id\":\"https:\\\/\\\/michalhejna.cz\\\/blog\\\/#\\\/schema\\\/person\\\/6d1d95e2413952dd3b1ce433f4d3013c\"},\"potentialAction\":[{\"@type\":\"SearchAction\",\"target\":{\"@type\":\"EntryPoint\",\"urlTemplate\":\"https:\\\/\\\/michalhejna.cz\\\/blog\\\/?s={search_term_string}\"},\"query-input\":{\"@type\":\"PropertyValueSpecification\",\"valueRequired\":true,\"valueName\":\"search_term_string\"}}],\"inLanguage\":\"cs\"},{\"@type\":[\"Person\",\"Organization\"],\"@id\":\"https:\\\/\\\/michalhejna.cz\\\/blog\\\/#\\\/schema\\\/person\\\/6d1d95e2413952dd3b1ce433f4d3013c\",\"name\":\"michalhejna\",\"image\":{\"@type\":\"ImageObject\",\"inLanguage\":\"cs\",\"@id\":\"https:\\\/\\\/secure.gravatar.com\\\/avatar\\\/53fd5d6debe3b4e72a445ca6eb79d014d4ff11065e3c4480522ab099a9498895?s=96&d=mm&r=g\",\"url\":\"https:\\\/\\\/secure.gravatar.com\\\/avatar\\\/53fd5d6debe3b4e72a445ca6eb79d014d4ff11065e3c4480522ab099a9498895?s=96&d=mm&r=g\",\"contentUrl\":\"https:\\\/\\\/secure.gravatar.com\\\/avatar\\\/53fd5d6debe3b4e72a445ca6eb79d014d4ff11065e3c4480522ab099a9498895?s=96&d=mm&r=g\",\"caption\":\"michalhejna\"},\"logo\":{\"@id\":\"https:\\\/\\\/secure.gravatar.com\\\/avatar\\\/53fd5d6debe3b4e72a445ca6eb79d014d4ff11065e3c4480522ab099a9498895?s=96&d=mm&r=g\"},\"sameAs\":[\"http:\\\/\\\/michalhejna.cz\\\/blog\"]}]}<\/script>\n<!-- \/ Yoast SEO plugin. -->","yoast_head_json":{"title":"Landscapes of Imagination \/ Krajiny imaginace - Michal Hejna","description":"Let me introduce my actual most important project \u2014 Landscapes of Imagination. How did I get the idea? It was something like this ...","robots":{"index":"index","follow":"follow","max-snippet":"max-snippet:-1","max-image-preview":"max-image-preview:large","max-video-preview":"max-video-preview:-1"},"canonical":"https:\/\/michalhejna.cz\/blog\/2020\/05\/13\/landscapes-of-imagination-krajiny-imaginace\/","og_locale":"cs_CZ","og_type":"article","og_title":"Landscapes of Imagination \/ Krajiny imaginace","og_description":"Dovolte mi p\u0159edstavit m\u016fj v sou\u010dasnosti nejd\u016fle\u017eit\u011bj\u0161\u00ed projekt \u2014 Krajiny imaginace. Jak jsem k nim vlastn\u011b p\u0159i\u0161el? To bylo tak...","og_url":"https:\/\/michalhejna.cz\/blog\/2020\/05\/13\/landscapes-of-imagination-krajiny-imaginace\/","og_site_name":"Michal Hejna","article_published_time":"2020-05-13T15:59:00+00:00","article_modified_time":"2020-07-10T12:13:15+00:00","og_image":[{"width":600,"height":600,"url":"https:\/\/michalhejna.cz\/blog\/wp-content\/uploads\/2020\/05\/krajiny-imaginace_utes_cliff.jpg","type":"image\/jpeg"}],"author":"michalhejna","twitter_card":"summary_large_image","twitter_misc":{"Napsal(a)":"michalhejna","Odhadovan\u00e1 doba \u010dten\u00ed":"4 minuty"},"schema":{"@context":"https:\/\/schema.org","@graph":[{"@type":"Article","@id":"https:\/\/michalhejna.cz\/blog\/2020\/05\/13\/landscapes-of-imagination-krajiny-imaginace\/#article","isPartOf":{"@id":"https:\/\/michalhejna.cz\/blog\/2020\/05\/13\/landscapes-of-imagination-krajiny-imaginace\/"},"author":{"name":"michalhejna","@id":"https:\/\/michalhejna.cz\/blog\/#\/schema\/person\/6d1d95e2413952dd3b1ce433f4d3013c"},"headline":"Landscapes of Imagination \/ Krajiny imaginace","datePublished":"2020-05-13T15:59:00+00:00","dateModified":"2020-07-10T12:13:15+00:00","mainEntityOfPage":{"@id":"https:\/\/michalhejna.cz\/blog\/2020\/05\/13\/landscapes-of-imagination-krajiny-imaginace\/"},"wordCount":743,"commentCount":2,"publisher":{"@id":"https:\/\/michalhejna.cz\/blog\/#\/schema\/person\/6d1d95e2413952dd3b1ce433f4d3013c"},"image":{"@id":"https:\/\/michalhejna.cz\/blog\/2020\/05\/13\/landscapes-of-imagination-krajiny-imaginace\/#primaryimage"},"thumbnailUrl":"https:\/\/i0.wp.com\/michalhejna.cz\/blog\/wp-content\/uploads\/2020\/05\/krajiny-imaginace_utes_cliff.jpg?fit=600%2C600&ssl=1","keywords":["abstract","colour","portfolio"],"articleSection":["News \/ Novinky"],"inLanguage":"cs","potentialAction":[{"@type":"CommentAction","name":"Comment","target":["https:\/\/michalhejna.cz\/blog\/2020\/05\/13\/landscapes-of-imagination-krajiny-imaginace\/#respond"]}]},{"@type":"WebPage","@id":"https:\/\/michalhejna.cz\/blog\/2020\/05\/13\/landscapes-of-imagination-krajiny-imaginace\/","url":"https:\/\/michalhejna.cz\/blog\/2020\/05\/13\/landscapes-of-imagination-krajiny-imaginace\/","name":"Landscapes of Imagination \/ Krajiny imaginace - Michal Hejna","isPartOf":{"@id":"https:\/\/michalhejna.cz\/blog\/#website"},"primaryImageOfPage":{"@id":"https:\/\/michalhejna.cz\/blog\/2020\/05\/13\/landscapes-of-imagination-krajiny-imaginace\/#primaryimage"},"image":{"@id":"https:\/\/michalhejna.cz\/blog\/2020\/05\/13\/landscapes-of-imagination-krajiny-imaginace\/#primaryimage"},"thumbnailUrl":"https:\/\/i0.wp.com\/michalhejna.cz\/blog\/wp-content\/uploads\/2020\/05\/krajiny-imaginace_utes_cliff.jpg?fit=600%2C600&ssl=1","datePublished":"2020-05-13T15:59:00+00:00","dateModified":"2020-07-10T12:13:15+00:00","description":"Let me introduce my actual most important project \u2014 Landscapes of Imagination. How did I get the idea? It was something like this ...","breadcrumb":{"@id":"https:\/\/michalhejna.cz\/blog\/2020\/05\/13\/landscapes-of-imagination-krajiny-imaginace\/#breadcrumb"},"inLanguage":"cs","potentialAction":[{"@type":"ReadAction","target":["https:\/\/michalhejna.cz\/blog\/2020\/05\/13\/landscapes-of-imagination-krajiny-imaginace\/"]}]},{"@type":"ImageObject","inLanguage":"cs","@id":"https:\/\/michalhejna.cz\/blog\/2020\/05\/13\/landscapes-of-imagination-krajiny-imaginace\/#primaryimage","url":"https:\/\/i0.wp.com\/michalhejna.cz\/blog\/wp-content\/uploads\/2020\/05\/krajiny-imaginace_utes_cliff.jpg?fit=600%2C600&ssl=1","contentUrl":"https:\/\/i0.wp.com\/michalhejna.cz\/blog\/wp-content\/uploads\/2020\/05\/krajiny-imaginace_utes_cliff.jpg?fit=600%2C600&ssl=1","width":600,"height":600,"caption":"CLIFF \/ \u00daTES"},{"@type":"BreadcrumbList","@id":"https:\/\/michalhejna.cz\/blog\/2020\/05\/13\/landscapes-of-imagination-krajiny-imaginace\/#breadcrumb","itemListElement":[{"@type":"ListItem","position":1,"name":"Dom\u016f","item":"https:\/\/michalhejna.cz\/blog\/"},{"@type":"ListItem","position":2,"name":"Landscapes of Imagination \/ Krajiny imaginace"}]},{"@type":"WebSite","@id":"https:\/\/michalhejna.cz\/blog\/#website","url":"https:\/\/michalhejna.cz\/blog\/","name":"Michal Hejna","description":"","publisher":{"@id":"https:\/\/michalhejna.cz\/blog\/#\/schema\/person\/6d1d95e2413952dd3b1ce433f4d3013c"},"potentialAction":[{"@type":"SearchAction","target":{"@type":"EntryPoint","urlTemplate":"https:\/\/michalhejna.cz\/blog\/?s={search_term_string}"},"query-input":{"@type":"PropertyValueSpecification","valueRequired":true,"valueName":"search_term_string"}}],"inLanguage":"cs"},{"@type":["Person","Organization"],"@id":"https:\/\/michalhejna.cz\/blog\/#\/schema\/person\/6d1d95e2413952dd3b1ce433f4d3013c","name":"michalhejna","image":{"@type":"ImageObject","inLanguage":"cs","@id":"https:\/\/secure.gravatar.com\/avatar\/53fd5d6debe3b4e72a445ca6eb79d014d4ff11065e3c4480522ab099a9498895?s=96&d=mm&r=g","url":"https:\/\/secure.gravatar.com\/avatar\/53fd5d6debe3b4e72a445ca6eb79d014d4ff11065e3c4480522ab099a9498895?s=96&d=mm&r=g","contentUrl":"https:\/\/secure.gravatar.com\/avatar\/53fd5d6debe3b4e72a445ca6eb79d014d4ff11065e3c4480522ab099a9498895?s=96&d=mm&r=g","caption":"michalhejna"},"logo":{"@id":"https:\/\/secure.gravatar.com\/avatar\/53fd5d6debe3b4e72a445ca6eb79d014d4ff11065e3c4480522ab099a9498895?s=96&d=mm&r=g"},"sameAs":["http:\/\/michalhejna.cz\/blog"]}]}},"jetpack_featured_media_url":"https:\/\/i0.wp.com\/michalhejna.cz\/blog\/wp-content\/uploads\/2020\/05\/krajiny-imaginace_utes_cliff.jpg?fit=600%2C600&ssl=1","jetpack_sharing_enabled":true,"post_mailing_queue_ids":[],"_links":{"self":[{"href":"https:\/\/michalhejna.cz\/blog\/wp-json\/wp\/v2\/posts\/420","targetHints":{"allow":["GET"]}}],"collection":[{"href":"https:\/\/michalhejna.cz\/blog\/wp-json\/wp\/v2\/posts"}],"about":[{"href":"https:\/\/michalhejna.cz\/blog\/wp-json\/wp\/v2\/types\/post"}],"author":[{"embeddable":true,"href":"https:\/\/michalhejna.cz\/blog\/wp-json\/wp\/v2\/users\/1"}],"replies":[{"embeddable":true,"href":"https:\/\/michalhejna.cz\/blog\/wp-json\/wp\/v2\/comments?post=420"}],"version-history":[{"count":25,"href":"https:\/\/michalhejna.cz\/blog\/wp-json\/wp\/v2\/posts\/420\/revisions"}],"predecessor-version":[{"id":799,"href":"https:\/\/michalhejna.cz\/blog\/wp-json\/wp\/v2\/posts\/420\/revisions\/799"}],"wp:featuredmedia":[{"embeddable":true,"href":"https:\/\/michalhejna.cz\/blog\/wp-json\/wp\/v2\/media\/433"}],"wp:attachment":[{"href":"https:\/\/michalhejna.cz\/blog\/wp-json\/wp\/v2\/media?parent=420"}],"wp:term":[{"taxonomy":"category","embeddable":true,"href":"https:\/\/michalhejna.cz\/blog\/wp-json\/wp\/v2\/categories?post=420"},{"taxonomy":"post_tag","embeddable":true,"href":"https:\/\/michalhejna.cz\/blog\/wp-json\/wp\/v2\/tags?post=420"}],"curies":[{"name":"wp","href":"https:\/\/api.w.org\/{rel}","templated":true}]}}