{"id":1129,"date":"2020-08-19T18:00:00","date_gmt":"2020-08-19T16:00:00","guid":{"rendered":"https:\/\/michalhejna.cz\/blog\/?p=1129"},"modified":"2020-08-17T11:16:45","modified_gmt":"2020-08-17T09:16:45","slug":"the-four-seasons-ctvero-rocnich-obdobi","status":"publish","type":"post","link":"https:\/\/michalhejna.cz\/blog\/2020\/08\/19\/the-four-seasons-ctvero-rocnich-obdobi\/","title":{"rendered":"The four seasons  \/ \u010ctvero ro\u010dn\u00edch obdob\u00ed"},"content":{"rendered":"\n<p>Time-lapse shooting has its charm. I love photographs in which we can observe one place over time. Its form and its changes. During the day, in a week, in a month, in a year. This way of shooting makes us think about time. Waiting for the right moment when another photo complements and at the same time develops the original idea.<\/p>\n\n\n\n<p>In this way, the photographer <a href=\"https:\/\/cs.wikipedia.org\/wiki\/Ji%C5%99%C3%AD_Hanke\" target=\"_blank\" aria-label=\"undefined (otev\u0159e se v nov\u00e9 z\u00e1lo\u017ece)\" rel=\"noreferrer noopener\">Ji\u0159\u00ed Hanke<\/a> created in an extensive time-lapse cycle <a href=\"https:\/\/www.google.com\/search?rlz=1C1GCEA_enCZ780CZ780&amp;source=univ&amp;tbm=isch&amp;q=ji%C5%99%C3%AD+hanke+pohledy+z+okna+m%C3%A9ho+bytu&amp;sa=X&amp;ved=2ahUKEwi98oney4HrAhXR2qQKHV7WDJUQsAR6BAgJEAE&amp;biw=1586&amp;bih=929\" target=\"_blank\" aria-label=\"undefined (otev\u0159e se v nov\u00e9 z\u00e1lo\u017ece)\" rel=\"noreferrer noopener\">Views from the Window of My Apartment<\/a> (1981-2003). Using the example of one street, he captured the period of several decades with the same view from the same window.<\/p>\n\n\n\n<p>In a set of four photos of the landscape, I tried to express the time during one calendar year. At first glance, a banal landscape motif of agricultural land, which says nothing about the place where it is located. In different colours and moods, over a period of four seasons. A story about the transience of golden fields and field paths.<\/p>\n\n\n\n<p>Photographs of the landscape close to Kreslice village were part of the exhibition cycle of the <a href=\"http:\/\/cernaslunecnice.cz\" target=\"_blank\" rel=\"noreferrer noopener\">Black Sunflower<\/a> photo club.<\/p>\n\n\n\n<div class=\"wp-block-image\"><figure class=\"aligncenter size-large\"><a href=\"https:\/\/i0.wp.com\/michalhejna.cz\/blog\/wp-content\/uploads\/2020\/08\/four_seasons.jpg?ssl=1\"><img data-recalc-dims=\"1\" loading=\"lazy\" decoding=\"async\" width=\"1024\" height=\"1024\" src=\"https:\/\/i0.wp.com\/michalhejna.cz\/blog\/wp-content\/uploads\/2020\/08\/four_seasons.jpg?resize=1024%2C1024&#038;ssl=1\" alt=\"\" class=\"wp-image-1128\" srcset=\"https:\/\/i0.wp.com\/michalhejna.cz\/blog\/wp-content\/uploads\/2020\/08\/four_seasons.jpg?resize=1024%2C1024&amp;ssl=1 1024w, https:\/\/i0.wp.com\/michalhejna.cz\/blog\/wp-content\/uploads\/2020\/08\/four_seasons.jpg?resize=300%2C300&amp;ssl=1 300w, https:\/\/i0.wp.com\/michalhejna.cz\/blog\/wp-content\/uploads\/2020\/08\/four_seasons.jpg?resize=150%2C150&amp;ssl=1 150w, https:\/\/i0.wp.com\/michalhejna.cz\/blog\/wp-content\/uploads\/2020\/08\/four_seasons.jpg?resize=768%2C768&amp;ssl=1 768w, https:\/\/i0.wp.com\/michalhejna.cz\/blog\/wp-content\/uploads\/2020\/08\/four_seasons.jpg?resize=1536%2C1536&amp;ssl=1 1536w, https:\/\/i0.wp.com\/michalhejna.cz\/blog\/wp-content\/uploads\/2020\/08\/four_seasons.jpg?resize=600%2C600&amp;ssl=1 600w, https:\/\/i0.wp.com\/michalhejna.cz\/blog\/wp-content\/uploads\/2020\/08\/four_seasons.jpg?resize=100%2C100&amp;ssl=1 100w, https:\/\/i0.wp.com\/michalhejna.cz\/blog\/wp-content\/uploads\/2020\/08\/four_seasons.jpg?resize=630%2C630&amp;ssl=1 630w, https:\/\/i0.wp.com\/michalhejna.cz\/blog\/wp-content\/uploads\/2020\/08\/four_seasons.jpg?w=1670&amp;ssl=1 1670w\" sizes=\"auto, (max-width: 1000px) 100vw, 1000px\" \/><\/a><figcaption>Four Seasons \/ Krajina u K\u0159eslic ve \u010dtvero ro\u010dn\u00edch obdob\u00edch<\/figcaption><\/figure><\/div>\n\n\n\n<p>\u010casosb\u011brn\u00e9 sn\u00edm\u00e1n\u00ed m\u00e1 sv\u016fj p\u016fvab. V\u017edy m\u011b oslov\u00ed fotografie, na kter\u00fdch m\u016f\u017eeme s \u010dasov\u00fdm odstupem pozorovat jedno m\u00edsto. Jeho podobu a zm\u011bny, kter\u00fdmi proch\u00e1z\u00ed. B\u011bhem dne, za t\u00fdden, za m\u011bs\u00edc, za rok. Tento zp\u016fsob sn\u00edm\u00e1n\u00ed nut\u00ed k p\u0159em\u00fd\u0161len\u00ed, t\u00e9ma se mus\u00ed vy\u010dekat. \u010cek\u00e1n\u00ed na spr\u00e1vn\u00fd okam\u017eik, kdy dal\u0161\u00ed fotografie dopl\u0148uje a z\u00e1rove\u0148 rozv\u00edj\u00ed p\u016fvodn\u00ed my\u0161lenku.<\/p>\n\n\n\n<p>K&nbsp;dokonalosti takto pojatou s\u00e9rii fotografi\u00ed dot\u00e1hl fotograf <a href=\"https:\/\/cs.wikipedia.org\/wiki\/Ji%C5%99%C3%AD_Hanke\" target=\"_blank\" aria-label=\"undefined (otev\u0159e se v nov\u00e9 z\u00e1lo\u017ece)\" rel=\"noreferrer noopener\">Ji\u0159\u00ed Hanke<\/a> v&nbsp;rozs\u00e1hl\u00e9m \u010dasosb\u011brn\u00e9m cyklu <a href=\"https:\/\/www.google.com\/search?rlz=1C1GCEA_enCZ780CZ780&amp;source=univ&amp;tbm=isch&amp;q=ji%C5%99%C3%AD+hanke+pohledy+z+okna+m%C3%A9ho+bytu&amp;sa=X&amp;ved=2ahUKEwi98oney4HrAhXR2qQKHV7WDJUQsAR6BAgJEAE&amp;biw=1586&amp;bih=929\" target=\"_blank\" aria-label=\"undefined (otev\u0159e se v nov\u00e9 z\u00e1lo\u017ece)\" rel=\"noreferrer noopener\">Pohledy z okna m\u00e9ho bytu<\/a> (1981-2003). Na p\u0159\u00edkladu jedn\u00e9 z&nbsp;mnoha kladensk\u00fdch ulic zachytil st\u00e1le stejn\u00fdm pohledem z&nbsp;jedin\u00e9ho okna obdob\u00ed normalizace a n\u00e1sledn\u00fdch transforma\u010dn\u00edch devades\u00e1t\u00fdch let.<\/p>\n\n\n\n<p>V&nbsp;souboru \u010dty\u0159 fotografi\u00ed krajiny v&nbsp;t\u011bsn\u00e9m sousedstv\u00ed velkom\u011bsta jsem se j\u00e1 pokusil vyj\u00e1d\u0159it plynut\u00ed \u010dasu b\u011bhem jednoho kalend\u00e1\u0159n\u00edho roku. Na prvn\u00ed pohled ban\u00e1ln\u00ed krajinn\u00fd motiv zem\u011bd\u011blsk\u00e9 p\u016fdy, kter\u00fd nic ne\u0159\u00edk\u00e1 o m\u00edst\u011b, kde se nach\u00e1z\u00ed. V r\u016fzn\u00fdch barv\u00e1ch a n\u00e1lad\u00e1ch, v \u010dasov\u00e9m \u00faseku \u010dty\u0159 ro\u010dn\u00edch obdob\u00ed. Vypr\u00e1v\u011bn\u00ed o pom\u00edjivosti zlat\u00fdch l\u00e1n\u016f a poln\u00edch cest.<\/p>\n\n\n\n<p>Fotografie krajiny u K\u0159eslic byly sou\u010d\u00e1st\u00ed v\u00fdstavn\u00edho cyklu fotoklubu <a href=\"http:\/\/cernaslunecnice.cz\/\" target=\"_blank\" rel=\"noreferrer noopener\">\u010cern\u00e1 slune\u010dnice<\/a>.<\/p>\n","protected":false},"excerpt":{"rendered":"<p>Time-lapse shooting has its charm. I love photographs in which we can observe one place over time. During the day, in a week, in a month, in a year &#8230;<\/p>\n","protected":false},"author":1,"featured_media":1128,"comment_status":"open","ping_status":"open","sticky":false,"template":"","format":"standard","meta":{"_jetpack_memberships_contains_paid_content":false,"footnotes":""},"categories":[21],"tags":[20,25],"class_list":["post-1129","post","type-post","status-publish","format-standard","has-post-thumbnail","hentry","category-story","tag-colour","tag-nature"],"yoast_head":"<!-- This site is optimized with the Yoast SEO plugin v27.4 - https:\/\/yoast.com\/product\/yoast-seo-wordpress\/ -->\n<title>The four seasons \/ \u010ctvero ro\u010dn\u00edch obdob\u00ed - Michal Hejna<\/title>\n<meta name=\"description\" content=\"\u010casosb\u011brn\u00e9 sn\u00edm\u00e1n\u00ed m\u00e1 sv\u016fj p\u016fvab. V\u017edy m\u011b oslov\u00ed fotografie, na kter\u00fdch m\u016f\u017eeme s \u010dasov\u00fdm odstupem pozorovat jedno m\u00edsto. Jeho podobu a zm\u011bny, kter\u00fdmi proch\u00e1z\u00ed. B\u011bhem dne, za t\u00fdden, za m\u011bs\u00edc, za rok...\" \/>\n<meta name=\"robots\" content=\"index, follow, max-snippet:-1, max-image-preview:large, max-video-preview:-1\" \/>\n<link rel=\"canonical\" href=\"https:\/\/michalhejna.cz\/blog\/2020\/08\/19\/the-four-seasons-ctvero-rocnich-obdobi\/\" \/>\n<meta property=\"og:locale\" content=\"cs_CZ\" \/>\n<meta property=\"og:type\" content=\"article\" \/>\n<meta property=\"og:title\" content=\"The four seasons \/ \u010ctvero ro\u010dn\u00edch obdob\u00ed - Michal Hejna\" \/>\n<meta property=\"og:description\" content=\"\u010casosb\u011brn\u00e9 sn\u00edm\u00e1n\u00ed m\u00e1 sv\u016fj p\u016fvab. V\u017edy m\u011b oslov\u00ed fotografie, na kter\u00fdch m\u016f\u017eeme s \u010dasov\u00fdm odstupem pozorovat jedno m\u00edsto. Jeho podobu a zm\u011bny, kter\u00fdmi proch\u00e1z\u00ed. B\u011bhem dne, za t\u00fdden, za m\u011bs\u00edc, za rok...\" \/>\n<meta property=\"og:url\" content=\"https:\/\/michalhejna.cz\/blog\/2020\/08\/19\/the-four-seasons-ctvero-rocnich-obdobi\/\" \/>\n<meta property=\"og:site_name\" content=\"Michal Hejna\" \/>\n<meta property=\"article:published_time\" content=\"2020-08-19T16:00:00+00:00\" \/>\n<meta property=\"og:image\" content=\"https:\/\/michalhejna.cz\/blog\/wp-content\/uploads\/2020\/08\/four_seasons.jpg\" \/>\n\t<meta property=\"og:image:width\" content=\"1670\" \/>\n\t<meta property=\"og:image:height\" content=\"1670\" \/>\n\t<meta property=\"og:image:type\" content=\"image\/jpeg\" \/>\n<meta name=\"author\" content=\"michalhejna\" \/>\n<meta name=\"twitter:card\" content=\"summary_large_image\" \/>\n<meta name=\"twitter:label1\" content=\"Napsal(a)\" \/>\n\t<meta name=\"twitter:data1\" content=\"michalhejna\" \/>\n\t<meta name=\"twitter:label2\" content=\"Odhadovan\u00e1 doba \u010dten\u00ed\" \/>\n\t<meta name=\"twitter:data2\" content=\"2 minuty\" \/>\n<script type=\"application\/ld+json\" class=\"yoast-schema-graph\">{\"@context\":\"https:\\\/\\\/schema.org\",\"@graph\":[{\"@type\":\"Article\",\"@id\":\"https:\\\/\\\/michalhejna.cz\\\/blog\\\/2020\\\/08\\\/19\\\/the-four-seasons-ctvero-rocnich-obdobi\\\/#article\",\"isPartOf\":{\"@id\":\"https:\\\/\\\/michalhejna.cz\\\/blog\\\/2020\\\/08\\\/19\\\/the-four-seasons-ctvero-rocnich-obdobi\\\/\"},\"author\":{\"name\":\"michalhejna\",\"@id\":\"https:\\\/\\\/michalhejna.cz\\\/blog\\\/#\\\/schema\\\/person\\\/6d1d95e2413952dd3b1ce433f4d3013c\"},\"headline\":\"The four seasons \\\/ \u010ctvero ro\u010dn\u00edch obdob\u00ed\",\"datePublished\":\"2020-08-19T16:00:00+00:00\",\"mainEntityOfPage\":{\"@id\":\"https:\\\/\\\/michalhejna.cz\\\/blog\\\/2020\\\/08\\\/19\\\/the-four-seasons-ctvero-rocnich-obdobi\\\/\"},\"wordCount\":457,\"commentCount\":0,\"publisher\":{\"@id\":\"https:\\\/\\\/michalhejna.cz\\\/blog\\\/#\\\/schema\\\/person\\\/6d1d95e2413952dd3b1ce433f4d3013c\"},\"image\":{\"@id\":\"https:\\\/\\\/michalhejna.cz\\\/blog\\\/2020\\\/08\\\/19\\\/the-four-seasons-ctvero-rocnich-obdobi\\\/#primaryimage\"},\"thumbnailUrl\":\"https:\\\/\\\/i0.wp.com\\\/michalhejna.cz\\\/blog\\\/wp-content\\\/uploads\\\/2020\\\/08\\\/four_seasons.jpg?fit=1670%2C1670&ssl=1\",\"keywords\":[\"colour\",\"nature\"],\"articleSection\":[\"Story \\\/ P\u0159\u00edb\u011bh\"],\"inLanguage\":\"cs\",\"potentialAction\":[{\"@type\":\"CommentAction\",\"name\":\"Comment\",\"target\":[\"https:\\\/\\\/michalhejna.cz\\\/blog\\\/2020\\\/08\\\/19\\\/the-four-seasons-ctvero-rocnich-obdobi\\\/#respond\"]}]},{\"@type\":\"WebPage\",\"@id\":\"https:\\\/\\\/michalhejna.cz\\\/blog\\\/2020\\\/08\\\/19\\\/the-four-seasons-ctvero-rocnich-obdobi\\\/\",\"url\":\"https:\\\/\\\/michalhejna.cz\\\/blog\\\/2020\\\/08\\\/19\\\/the-four-seasons-ctvero-rocnich-obdobi\\\/\",\"name\":\"The four seasons \\\/ \u010ctvero ro\u010dn\u00edch obdob\u00ed - Michal Hejna\",\"isPartOf\":{\"@id\":\"https:\\\/\\\/michalhejna.cz\\\/blog\\\/#website\"},\"primaryImageOfPage\":{\"@id\":\"https:\\\/\\\/michalhejna.cz\\\/blog\\\/2020\\\/08\\\/19\\\/the-four-seasons-ctvero-rocnich-obdobi\\\/#primaryimage\"},\"image\":{\"@id\":\"https:\\\/\\\/michalhejna.cz\\\/blog\\\/2020\\\/08\\\/19\\\/the-four-seasons-ctvero-rocnich-obdobi\\\/#primaryimage\"},\"thumbnailUrl\":\"https:\\\/\\\/i0.wp.com\\\/michalhejna.cz\\\/blog\\\/wp-content\\\/uploads\\\/2020\\\/08\\\/four_seasons.jpg?fit=1670%2C1670&ssl=1\",\"datePublished\":\"2020-08-19T16:00:00+00:00\",\"description\":\"\u010casosb\u011brn\u00e9 sn\u00edm\u00e1n\u00ed m\u00e1 sv\u016fj p\u016fvab. V\u017edy m\u011b oslov\u00ed fotografie, na kter\u00fdch m\u016f\u017eeme s \u010dasov\u00fdm odstupem pozorovat jedno m\u00edsto. Jeho podobu a zm\u011bny, kter\u00fdmi proch\u00e1z\u00ed. B\u011bhem dne, za t\u00fdden, za m\u011bs\u00edc, za rok...\",\"breadcrumb\":{\"@id\":\"https:\\\/\\\/michalhejna.cz\\\/blog\\\/2020\\\/08\\\/19\\\/the-four-seasons-ctvero-rocnich-obdobi\\\/#breadcrumb\"},\"inLanguage\":\"cs\",\"potentialAction\":[{\"@type\":\"ReadAction\",\"target\":[\"https:\\\/\\\/michalhejna.cz\\\/blog\\\/2020\\\/08\\\/19\\\/the-four-seasons-ctvero-rocnich-obdobi\\\/\"]}]},{\"@type\":\"ImageObject\",\"inLanguage\":\"cs\",\"@id\":\"https:\\\/\\\/michalhejna.cz\\\/blog\\\/2020\\\/08\\\/19\\\/the-four-seasons-ctvero-rocnich-obdobi\\\/#primaryimage\",\"url\":\"https:\\\/\\\/i0.wp.com\\\/michalhejna.cz\\\/blog\\\/wp-content\\\/uploads\\\/2020\\\/08\\\/four_seasons.jpg?fit=1670%2C1670&ssl=1\",\"contentUrl\":\"https:\\\/\\\/i0.wp.com\\\/michalhejna.cz\\\/blog\\\/wp-content\\\/uploads\\\/2020\\\/08\\\/four_seasons.jpg?fit=1670%2C1670&ssl=1\",\"width\":1670,\"height\":1670,\"caption\":\"Four Seasons \\\/ Krajina u K\u0159eslic ve \u010dtvero ro\u010dn\u00edch obdob\u00edch\"},{\"@type\":\"BreadcrumbList\",\"@id\":\"https:\\\/\\\/michalhejna.cz\\\/blog\\\/2020\\\/08\\\/19\\\/the-four-seasons-ctvero-rocnich-obdobi\\\/#breadcrumb\",\"itemListElement\":[{\"@type\":\"ListItem\",\"position\":1,\"name\":\"Dom\u016f\",\"item\":\"https:\\\/\\\/michalhejna.cz\\\/blog\\\/\"},{\"@type\":\"ListItem\",\"position\":2,\"name\":\"The four seasons \\\/ \u010ctvero ro\u010dn\u00edch obdob\u00ed\"}]},{\"@type\":\"WebSite\",\"@id\":\"https:\\\/\\\/michalhejna.cz\\\/blog\\\/#website\",\"url\":\"https:\\\/\\\/michalhejna.cz\\\/blog\\\/\",\"name\":\"Michal Hejna\",\"description\":\"\",\"publisher\":{\"@id\":\"https:\\\/\\\/michalhejna.cz\\\/blog\\\/#\\\/schema\\\/person\\\/6d1d95e2413952dd3b1ce433f4d3013c\"},\"potentialAction\":[{\"@type\":\"SearchAction\",\"target\":{\"@type\":\"EntryPoint\",\"urlTemplate\":\"https:\\\/\\\/michalhejna.cz\\\/blog\\\/?s={search_term_string}\"},\"query-input\":{\"@type\":\"PropertyValueSpecification\",\"valueRequired\":true,\"valueName\":\"search_term_string\"}}],\"inLanguage\":\"cs\"},{\"@type\":[\"Person\",\"Organization\"],\"@id\":\"https:\\\/\\\/michalhejna.cz\\\/blog\\\/#\\\/schema\\\/person\\\/6d1d95e2413952dd3b1ce433f4d3013c\",\"name\":\"michalhejna\",\"image\":{\"@type\":\"ImageObject\",\"inLanguage\":\"cs\",\"@id\":\"https:\\\/\\\/secure.gravatar.com\\\/avatar\\\/53fd5d6debe3b4e72a445ca6eb79d014d4ff11065e3c4480522ab099a9498895?s=96&d=mm&r=g\",\"url\":\"https:\\\/\\\/secure.gravatar.com\\\/avatar\\\/53fd5d6debe3b4e72a445ca6eb79d014d4ff11065e3c4480522ab099a9498895?s=96&d=mm&r=g\",\"contentUrl\":\"https:\\\/\\\/secure.gravatar.com\\\/avatar\\\/53fd5d6debe3b4e72a445ca6eb79d014d4ff11065e3c4480522ab099a9498895?s=96&d=mm&r=g\",\"caption\":\"michalhejna\"},\"logo\":{\"@id\":\"https:\\\/\\\/secure.gravatar.com\\\/avatar\\\/53fd5d6debe3b4e72a445ca6eb79d014d4ff11065e3c4480522ab099a9498895?s=96&d=mm&r=g\"},\"sameAs\":[\"http:\\\/\\\/michalhejna.cz\\\/blog\"]}]}<\/script>\n<!-- \/ Yoast SEO plugin. -->","yoast_head_json":{"title":"The four seasons \/ \u010ctvero ro\u010dn\u00edch obdob\u00ed - Michal Hejna","description":"\u010casosb\u011brn\u00e9 sn\u00edm\u00e1n\u00ed m\u00e1 sv\u016fj p\u016fvab. V\u017edy m\u011b oslov\u00ed fotografie, na kter\u00fdch m\u016f\u017eeme s \u010dasov\u00fdm odstupem pozorovat jedno m\u00edsto. Jeho podobu a zm\u011bny, kter\u00fdmi proch\u00e1z\u00ed. B\u011bhem dne, za t\u00fdden, za m\u011bs\u00edc, za rok...","robots":{"index":"index","follow":"follow","max-snippet":"max-snippet:-1","max-image-preview":"max-image-preview:large","max-video-preview":"max-video-preview:-1"},"canonical":"https:\/\/michalhejna.cz\/blog\/2020\/08\/19\/the-four-seasons-ctvero-rocnich-obdobi\/","og_locale":"cs_CZ","og_type":"article","og_title":"The four seasons \/ \u010ctvero ro\u010dn\u00edch obdob\u00ed - Michal Hejna","og_description":"\u010casosb\u011brn\u00e9 sn\u00edm\u00e1n\u00ed m\u00e1 sv\u016fj p\u016fvab. V\u017edy m\u011b oslov\u00ed fotografie, na kter\u00fdch m\u016f\u017eeme s \u010dasov\u00fdm odstupem pozorovat jedno m\u00edsto. Jeho podobu a zm\u011bny, kter\u00fdmi proch\u00e1z\u00ed. B\u011bhem dne, za t\u00fdden, za m\u011bs\u00edc, za rok...","og_url":"https:\/\/michalhejna.cz\/blog\/2020\/08\/19\/the-four-seasons-ctvero-rocnich-obdobi\/","og_site_name":"Michal Hejna","article_published_time":"2020-08-19T16:00:00+00:00","og_image":[{"width":1670,"height":1670,"url":"https:\/\/michalhejna.cz\/blog\/wp-content\/uploads\/2020\/08\/four_seasons.jpg","type":"image\/jpeg"}],"author":"michalhejna","twitter_card":"summary_large_image","twitter_misc":{"Napsal(a)":"michalhejna","Odhadovan\u00e1 doba \u010dten\u00ed":"2 minuty"},"schema":{"@context":"https:\/\/schema.org","@graph":[{"@type":"Article","@id":"https:\/\/michalhejna.cz\/blog\/2020\/08\/19\/the-four-seasons-ctvero-rocnich-obdobi\/#article","isPartOf":{"@id":"https:\/\/michalhejna.cz\/blog\/2020\/08\/19\/the-four-seasons-ctvero-rocnich-obdobi\/"},"author":{"name":"michalhejna","@id":"https:\/\/michalhejna.cz\/blog\/#\/schema\/person\/6d1d95e2413952dd3b1ce433f4d3013c"},"headline":"The four seasons \/ \u010ctvero ro\u010dn\u00edch obdob\u00ed","datePublished":"2020-08-19T16:00:00+00:00","mainEntityOfPage":{"@id":"https:\/\/michalhejna.cz\/blog\/2020\/08\/19\/the-four-seasons-ctvero-rocnich-obdobi\/"},"wordCount":457,"commentCount":0,"publisher":{"@id":"https:\/\/michalhejna.cz\/blog\/#\/schema\/person\/6d1d95e2413952dd3b1ce433f4d3013c"},"image":{"@id":"https:\/\/michalhejna.cz\/blog\/2020\/08\/19\/the-four-seasons-ctvero-rocnich-obdobi\/#primaryimage"},"thumbnailUrl":"https:\/\/i0.wp.com\/michalhejna.cz\/blog\/wp-content\/uploads\/2020\/08\/four_seasons.jpg?fit=1670%2C1670&ssl=1","keywords":["colour","nature"],"articleSection":["Story \/ P\u0159\u00edb\u011bh"],"inLanguage":"cs","potentialAction":[{"@type":"CommentAction","name":"Comment","target":["https:\/\/michalhejna.cz\/blog\/2020\/08\/19\/the-four-seasons-ctvero-rocnich-obdobi\/#respond"]}]},{"@type":"WebPage","@id":"https:\/\/michalhejna.cz\/blog\/2020\/08\/19\/the-four-seasons-ctvero-rocnich-obdobi\/","url":"https:\/\/michalhejna.cz\/blog\/2020\/08\/19\/the-four-seasons-ctvero-rocnich-obdobi\/","name":"The four seasons \/ \u010ctvero ro\u010dn\u00edch obdob\u00ed - Michal Hejna","isPartOf":{"@id":"https:\/\/michalhejna.cz\/blog\/#website"},"primaryImageOfPage":{"@id":"https:\/\/michalhejna.cz\/blog\/2020\/08\/19\/the-four-seasons-ctvero-rocnich-obdobi\/#primaryimage"},"image":{"@id":"https:\/\/michalhejna.cz\/blog\/2020\/08\/19\/the-four-seasons-ctvero-rocnich-obdobi\/#primaryimage"},"thumbnailUrl":"https:\/\/i0.wp.com\/michalhejna.cz\/blog\/wp-content\/uploads\/2020\/08\/four_seasons.jpg?fit=1670%2C1670&ssl=1","datePublished":"2020-08-19T16:00:00+00:00","description":"\u010casosb\u011brn\u00e9 sn\u00edm\u00e1n\u00ed m\u00e1 sv\u016fj p\u016fvab. V\u017edy m\u011b oslov\u00ed fotografie, na kter\u00fdch m\u016f\u017eeme s \u010dasov\u00fdm odstupem pozorovat jedno m\u00edsto. Jeho podobu a zm\u011bny, kter\u00fdmi proch\u00e1z\u00ed. B\u011bhem dne, za t\u00fdden, za m\u011bs\u00edc, za rok...","breadcrumb":{"@id":"https:\/\/michalhejna.cz\/blog\/2020\/08\/19\/the-four-seasons-ctvero-rocnich-obdobi\/#breadcrumb"},"inLanguage":"cs","potentialAction":[{"@type":"ReadAction","target":["https:\/\/michalhejna.cz\/blog\/2020\/08\/19\/the-four-seasons-ctvero-rocnich-obdobi\/"]}]},{"@type":"ImageObject","inLanguage":"cs","@id":"https:\/\/michalhejna.cz\/blog\/2020\/08\/19\/the-four-seasons-ctvero-rocnich-obdobi\/#primaryimage","url":"https:\/\/i0.wp.com\/michalhejna.cz\/blog\/wp-content\/uploads\/2020\/08\/four_seasons.jpg?fit=1670%2C1670&ssl=1","contentUrl":"https:\/\/i0.wp.com\/michalhejna.cz\/blog\/wp-content\/uploads\/2020\/08\/four_seasons.jpg?fit=1670%2C1670&ssl=1","width":1670,"height":1670,"caption":"Four Seasons \/ Krajina u K\u0159eslic ve \u010dtvero ro\u010dn\u00edch obdob\u00edch"},{"@type":"BreadcrumbList","@id":"https:\/\/michalhejna.cz\/blog\/2020\/08\/19\/the-four-seasons-ctvero-rocnich-obdobi\/#breadcrumb","itemListElement":[{"@type":"ListItem","position":1,"name":"Dom\u016f","item":"https:\/\/michalhejna.cz\/blog\/"},{"@type":"ListItem","position":2,"name":"The four seasons \/ \u010ctvero ro\u010dn\u00edch obdob\u00ed"}]},{"@type":"WebSite","@id":"https:\/\/michalhejna.cz\/blog\/#website","url":"https:\/\/michalhejna.cz\/blog\/","name":"Michal Hejna","description":"","publisher":{"@id":"https:\/\/michalhejna.cz\/blog\/#\/schema\/person\/6d1d95e2413952dd3b1ce433f4d3013c"},"potentialAction":[{"@type":"SearchAction","target":{"@type":"EntryPoint","urlTemplate":"https:\/\/michalhejna.cz\/blog\/?s={search_term_string}"},"query-input":{"@type":"PropertyValueSpecification","valueRequired":true,"valueName":"search_term_string"}}],"inLanguage":"cs"},{"@type":["Person","Organization"],"@id":"https:\/\/michalhejna.cz\/blog\/#\/schema\/person\/6d1d95e2413952dd3b1ce433f4d3013c","name":"michalhejna","image":{"@type":"ImageObject","inLanguage":"cs","@id":"https:\/\/secure.gravatar.com\/avatar\/53fd5d6debe3b4e72a445ca6eb79d014d4ff11065e3c4480522ab099a9498895?s=96&d=mm&r=g","url":"https:\/\/secure.gravatar.com\/avatar\/53fd5d6debe3b4e72a445ca6eb79d014d4ff11065e3c4480522ab099a9498895?s=96&d=mm&r=g","contentUrl":"https:\/\/secure.gravatar.com\/avatar\/53fd5d6debe3b4e72a445ca6eb79d014d4ff11065e3c4480522ab099a9498895?s=96&d=mm&r=g","caption":"michalhejna"},"logo":{"@id":"https:\/\/secure.gravatar.com\/avatar\/53fd5d6debe3b4e72a445ca6eb79d014d4ff11065e3c4480522ab099a9498895?s=96&d=mm&r=g"},"sameAs":["http:\/\/michalhejna.cz\/blog"]}]}},"jetpack_featured_media_url":"https:\/\/i0.wp.com\/michalhejna.cz\/blog\/wp-content\/uploads\/2020\/08\/four_seasons.jpg?fit=1670%2C1670&ssl=1","jetpack_sharing_enabled":true,"post_mailing_queue_ids":[],"_links":{"self":[{"href":"https:\/\/michalhejna.cz\/blog\/wp-json\/wp\/v2\/posts\/1129","targetHints":{"allow":["GET"]}}],"collection":[{"href":"https:\/\/michalhejna.cz\/blog\/wp-json\/wp\/v2\/posts"}],"about":[{"href":"https:\/\/michalhejna.cz\/blog\/wp-json\/wp\/v2\/types\/post"}],"author":[{"embeddable":true,"href":"https:\/\/michalhejna.cz\/blog\/wp-json\/wp\/v2\/users\/1"}],"replies":[{"embeddable":true,"href":"https:\/\/michalhejna.cz\/blog\/wp-json\/wp\/v2\/comments?post=1129"}],"version-history":[{"count":5,"href":"https:\/\/michalhejna.cz\/blog\/wp-json\/wp\/v2\/posts\/1129\/revisions"}],"predecessor-version":[{"id":1197,"href":"https:\/\/michalhejna.cz\/blog\/wp-json\/wp\/v2\/posts\/1129\/revisions\/1197"}],"wp:featuredmedia":[{"embeddable":true,"href":"https:\/\/michalhejna.cz\/blog\/wp-json\/wp\/v2\/media\/1128"}],"wp:attachment":[{"href":"https:\/\/michalhejna.cz\/blog\/wp-json\/wp\/v2\/media?parent=1129"}],"wp:term":[{"taxonomy":"category","embeddable":true,"href":"https:\/\/michalhejna.cz\/blog\/wp-json\/wp\/v2\/categories?post=1129"},{"taxonomy":"post_tag","embeddable":true,"href":"https:\/\/michalhejna.cz\/blog\/wp-json\/wp\/v2\/tags?post=1129"}],"curies":[{"name":"wp","href":"https:\/\/api.w.org\/{rel}","templated":true}]}}