{"id":1041,"date":"2020-07-25T18:00:00","date_gmt":"2020-07-25T16:00:00","guid":{"rendered":"https:\/\/michalhejna.cz\/blog\/?p=1041"},"modified":"2020-07-28T08:48:59","modified_gmt":"2020-07-28T06:48:59","slug":"blur-and-photography-neostrost-ve-fotografii","status":"publish","type":"post","link":"https:\/\/michalhejna.cz\/blog\/2020\/07\/25\/blur-and-photography-neostrost-ve-fotografii\/","title":{"rendered":"Blur and photography \/ Neostrost ve fotografii"},"content":{"rendered":"\n<p>To capture as much detail as possible and faithfully document reality. From the beginning of photography discipline its main mission. Photography has replaced painting in this functionality.<\/p>\n\n\n\n<p>When, at the end of the 19th century, pictorialists began to use blurring to achieve their visions, they were attacked by traditional photographers for going against the basic meaning of photography. They did not understand that photography at that moment began to be the medium it is to this day. Photography was divided into document and art.<\/p>\n\n\n\n<p>One of the means of expression I&nbsp;use in my work is blur. The phrase &#8222;blurry photo&#8220; is usually understood as a&nbsp;sticker of a&nbsp;poor image. In fine art photography, however, it is an intention. But we should always know what we want to express by blurring.<\/p>\n\n\n\n<p>For me, this particular set of six photographs symbolizes the endless flow of time, when space is left for imagination in the photographs. The observer is faced with the question of what reality was. Traces of spot lights somewhere arouse a certain tension between &#8222;sharp and blur&#8220;.<\/p>\n\n\n\n<p>I wanted to portray the city with a&nbsp;ghostly, dreamy impression, where more than a description, it is a&nbsp;psychological effect on the viewer. Judge for yourself how well I&nbsp;managed.<\/p>\n\n\n\n<blockquote class=\"wp-block-quote is-layout-flow wp-block-quote-is-layout-flow\"><p>The city in the middle of winter. Short days in January, when dusk comes early. I&nbsp;walk home alone through abandoned streets. A&nbsp;slow shutter speed slowly collects the remaining light on the photosensitive medium. Movement as a&nbsp;natural part of living. <a href=\"https:\/\/michalhejna.cz\/blog\/gallery\/walks-home-cesty-domu\/\">Walks home<\/a>.<\/p><\/blockquote>\n\n\n\n<figure class=\"wp-block-image size-large\"><img data-recalc-dims=\"1\" loading=\"lazy\" decoding=\"async\" width=\"900\" height=\"675\" src=\"https:\/\/i0.wp.com\/michalhejna.cz\/blog\/wp-content\/uploads\/2020\/07\/walks-home_04.jpg?resize=900%2C675&#038;ssl=1\" alt=\"\" class=\"wp-image-982\" srcset=\"https:\/\/i0.wp.com\/michalhejna.cz\/blog\/wp-content\/uploads\/2020\/07\/walks-home_04.jpg?w=900&amp;ssl=1 900w, https:\/\/i0.wp.com\/michalhejna.cz\/blog\/wp-content\/uploads\/2020\/07\/walks-home_04.jpg?resize=300%2C225&amp;ssl=1 300w, https:\/\/i0.wp.com\/michalhejna.cz\/blog\/wp-content\/uploads\/2020\/07\/walks-home_04.jpg?resize=768%2C576&amp;ssl=1 768w, https:\/\/i0.wp.com\/michalhejna.cz\/blog\/wp-content\/uploads\/2020\/07\/walks-home_04.jpg?resize=630%2C473&amp;ssl=1 630w, https:\/\/i0.wp.com\/michalhejna.cz\/blog\/wp-content\/uploads\/2020\/07\/walks-home_04.jpg?resize=800%2C600&amp;ssl=1 800w, https:\/\/i0.wp.com\/michalhejna.cz\/blog\/wp-content\/uploads\/2020\/07\/walks-home_04.jpg?resize=600%2C450&amp;ssl=1 600w\" sizes=\"auto, (max-width: 900px) 100vw, 900px\" \/><\/figure>\n\n\n\n<p>Zachytit co nejv\u00edce podrobnost\u00ed, v\u011brn\u011b dokumentovat realitu. Od po\u010d\u00e1tk\u016f fotografie jej\u00ed z\u00e1kladn\u00ed posl\u00e1n\u00ed. V&nbsp;tom m\u011bla nahradit a&nbsp;tak\u00e9 nahradila mal\u00ed\u0159stv\u00ed.<\/p>\n\n\n\n<p>Kdy\u017e na konci 19. stolet\u00ed piktorialist\u00e9 za\u010dali pomoc\u00ed u\u0161lechtil\u00fdch tisk\u016f z\u00e1m\u011brn\u011b vyu\u017e\u00edvat neostrosti pro dosa\u017een\u00ed sv\u00fdch viz\u00ed, byli napad\u00e1ni tradi\u010dn\u00edmi fotografy za to, \u017ee jdou proti smyslu fotografie. \u0160karohl\u00eddov\u00e9 nepochopili, \u017ee fotografie od toho okam\u017eiku za\u010dala b\u00fdt t\u00edm m\u00e9diem, kter\u00fdm je dodnes. Rozd\u011blila se na fotografii dokument\u00e1rn\u00ed, kter\u00e1 slou\u017e\u00ed lidem v jejich pot\u0159eb\u011b zachycovat realitu a ud\u00e1losti, a na fotografii v\u00fdtvarnou, kter\u00e1 m\u00e1 za c\u00edl vzbuzovat emoce.<\/p>\n\n\n\n<p>Jedn\u00edm z&nbsp;v\u00fdrazov\u00fdch prost\u0159edk\u016f, kter\u00fd pou\u017e\u00edv\u00e1m p\u0159i sv\u00e9 tvorb\u011b, je neostrost. Slovn\u00ed spojen\u00ed \u201eneostr\u00e1 fotka\u201c b\u00fdv\u00e1 v\u011bt\u0161inou ch\u00e1p\u00e1no jako n\u00e1lepka nekvalitn\u00edho, nepoveden\u00e9ho sn\u00edmku. Ve v\u00fdtvarn\u00e9 fotografii v\u0161ak jde p\u0159edev\u0161\u00edm a pr\u00e1v\u011b o&nbsp;z\u00e1m\u011br, o&nbsp;specifick\u00fd v\u00fdrazov\u00fd prost\u0159edek. Vyu\u017e\u00edv\u00e1n\u00ed neostrosti ve fotografii je jedna z&nbsp;nejsiln\u011bj\u0161\u00edch stylizac\u00ed fotografick\u00e9ho obrazu. V\u017edy bychom ale m\u011bli p\u0159esn\u011b v\u011bd\u011bt, co chceme zneost\u0159en\u00edm vyj\u00e1d\u0159it.<\/p>\n\n\n\n<p>Pro m\u011b jde v&nbsp;tomto konkr\u00e9tn\u00edm souboru \u0161esti fotografi\u00ed o symbol nep\u0159etr\u017eit\u00e9ho plynut\u00ed \u010dasu, kdy je v&nbsp;obraze ponech\u00e1n prostor pro p\u0159edstavivost. Pozorovatel stoj\u00ed p\u0159ed ot\u00e1zkou, co bylo p\u0159edlohou. Stopy bodov\u00fdch sv\u011btel na n\u011bkter\u00fdch sn\u00edmc\u00edch nav\u00edc vzbuzuj\u00ed ur\u010dit\u00e9 nap\u011bt\u00ed mezi \u201eostr\u00fdm a neostr\u00fdm\u201c.<\/p>\n\n\n\n<p>Cht\u011bl jsem m\u011bstskou vedutu zobrazit p\u0159\u00edzra\u010dn\u00fdm, snov\u00fdm dojmem, kde v\u00edce ne\u017e o popis jde o&nbsp;psychologick\u00e9 p\u016fsoben\u00ed na div\u00e1ka. Posu\u010fte sami, nakolik se mi to poda\u0159ilo.<\/p>\n\n\n\n<blockquote class=\"wp-block-quote is-layout-flow wp-block-quote-is-layout-flow\"><p>M\u011bsto uprost\u0159ed zimy. Kr\u00e1tk\u00e9 mraziv\u00e9 lednov\u00e9 dny, kdy soumrak p\u0159ich\u00e1z\u00ed ne\u010dekan\u011b brzy. Vrac\u00edv\u00e1m se dom\u016f s\u00e1m opu\u0161t\u011bn\u00fdmi ulicemi. Dlouh\u00fd \u010das sn\u00edm\u00e1n\u00ed s&nbsp;kamerou v&nbsp;zimou chv\u011bj\u00edc\u00edch se dlan\u00edch pomalu sb\u00edr\u00e1 posledn\u00ed zbytky sv\u011btla na citliv\u00e9 vrstv\u011b fotografick\u00e9ho m\u00e9dia. Pohyb jako p\u0159irozen\u00e1 sou\u010d\u00e1st \u017eivota. Tolik vysv\u011btlen\u00ed m\u00e9ho cyklu <a href=\"https:\/\/michalhejna.cz\/blog\/gallery\/walks-home-cesty-domu\/\">Cesty dom\u016f<\/a>.<\/p><\/blockquote>\n\n\n\n<figure class=\"wp-block-image size-large\"><img data-recalc-dims=\"1\" loading=\"lazy\" decoding=\"async\" width=\"900\" height=\"675\" src=\"https:\/\/i0.wp.com\/michalhejna.cz\/blog\/wp-content\/uploads\/2020\/07\/walks-home_03.jpg?resize=900%2C675&#038;ssl=1\" alt=\"\" class=\"wp-image-981\" srcset=\"https:\/\/i0.wp.com\/michalhejna.cz\/blog\/wp-content\/uploads\/2020\/07\/walks-home_03.jpg?w=900&amp;ssl=1 900w, https:\/\/i0.wp.com\/michalhejna.cz\/blog\/wp-content\/uploads\/2020\/07\/walks-home_03.jpg?resize=300%2C225&amp;ssl=1 300w, https:\/\/i0.wp.com\/michalhejna.cz\/blog\/wp-content\/uploads\/2020\/07\/walks-home_03.jpg?resize=768%2C576&amp;ssl=1 768w, https:\/\/i0.wp.com\/michalhejna.cz\/blog\/wp-content\/uploads\/2020\/07\/walks-home_03.jpg?resize=630%2C473&amp;ssl=1 630w, https:\/\/i0.wp.com\/michalhejna.cz\/blog\/wp-content\/uploads\/2020\/07\/walks-home_03.jpg?resize=800%2C600&amp;ssl=1 800w, https:\/\/i0.wp.com\/michalhejna.cz\/blog\/wp-content\/uploads\/2020\/07\/walks-home_03.jpg?resize=600%2C450&amp;ssl=1 600w\" sizes=\"auto, (max-width: 900px) 100vw, 900px\" \/><\/figure>\n","protected":false},"excerpt":{"rendered":"<p>The city in the middle of winter. Short days in January, when dusk comes early. I walk home alone through abandoned streets &#8230;<\/p>\n","protected":false},"author":1,"featured_media":980,"comment_status":"open","ping_status":"open","sticky":false,"template":"","format":"standard","meta":{"_jetpack_memberships_contains_paid_content":false,"footnotes":""},"categories":[21],"tags":[19,20,24],"class_list":["post-1041","post","type-post","status-publish","format-standard","has-post-thumbnail","hentry","category-story","tag-abstract","tag-colour","tag-portfolio"],"yoast_head":"<!-- This site is optimized with the Yoast SEO plugin v27.4 - https:\/\/yoast.com\/product\/yoast-seo-wordpress\/ -->\n<title>Blur and photography \/ Neostrost ve fotografii - Michal Hejna<\/title>\n<meta name=\"description\" content=\"The city in the middle of winter. Short days in January, when dusk comes early. I walk home alone through abandoned streets. A slow shutter speed slowly collects the remaining light on the photosensitive medium. Movement as a natural part of living.\" \/>\n<meta name=\"robots\" content=\"index, follow, max-snippet:-1, max-image-preview:large, max-video-preview:-1\" \/>\n<link rel=\"canonical\" href=\"https:\/\/michalhejna.cz\/blog\/2020\/07\/25\/blur-and-photography-neostrost-ve-fotografii\/\" \/>\n<meta property=\"og:locale\" content=\"cs_CZ\" \/>\n<meta property=\"og:type\" content=\"article\" \/>\n<meta property=\"og:title\" content=\"Blur and photography \/ Neostrost ve fotografii - Michal Hejna\" \/>\n<meta property=\"og:description\" content=\"The city in the middle of winter. Short days in January, when dusk comes early. I walk home alone through abandoned streets. A slow shutter speed slowly collects the remaining light on the photosensitive medium. Movement as a natural part of living.\" \/>\n<meta property=\"og:url\" content=\"https:\/\/michalhejna.cz\/blog\/2020\/07\/25\/blur-and-photography-neostrost-ve-fotografii\/\" \/>\n<meta property=\"og:site_name\" content=\"Michal Hejna\" \/>\n<meta property=\"article:published_time\" content=\"2020-07-25T16:00:00+00:00\" \/>\n<meta property=\"article:modified_time\" content=\"2020-07-28T06:48:59+00:00\" \/>\n<meta property=\"og:image\" content=\"https:\/\/michalhejna.cz\/blog\/wp-content\/uploads\/2020\/07\/walks-home_02.jpg\" \/>\n\t<meta property=\"og:image:width\" content=\"900\" \/>\n\t<meta property=\"og:image:height\" content=\"675\" \/>\n\t<meta property=\"og:image:type\" content=\"image\/jpeg\" \/>\n<meta name=\"author\" content=\"michalhejna\" \/>\n<meta name=\"twitter:card\" content=\"summary_large_image\" \/>\n<meta name=\"twitter:label1\" content=\"Napsal(a)\" \/>\n\t<meta name=\"twitter:data1\" content=\"michalhejna\" \/>\n\t<meta name=\"twitter:label2\" content=\"Odhadovan\u00e1 doba \u010dten\u00ed\" \/>\n\t<meta name=\"twitter:data2\" content=\"3 minuty\" \/>\n<script type=\"application\/ld+json\" class=\"yoast-schema-graph\">{\"@context\":\"https:\\\/\\\/schema.org\",\"@graph\":[{\"@type\":\"Article\",\"@id\":\"https:\\\/\\\/michalhejna.cz\\\/blog\\\/2020\\\/07\\\/25\\\/blur-and-photography-neostrost-ve-fotografii\\\/#article\",\"isPartOf\":{\"@id\":\"https:\\\/\\\/michalhejna.cz\\\/blog\\\/2020\\\/07\\\/25\\\/blur-and-photography-neostrost-ve-fotografii\\\/\"},\"author\":{\"name\":\"michalhejna\",\"@id\":\"https:\\\/\\\/michalhejna.cz\\\/blog\\\/#\\\/schema\\\/person\\\/6d1d95e2413952dd3b1ce433f4d3013c\"},\"headline\":\"Blur and photography \\\/ Neostrost ve fotografii\",\"datePublished\":\"2020-07-25T16:00:00+00:00\",\"dateModified\":\"2020-07-28T06:48:59+00:00\",\"mainEntityOfPage\":{\"@id\":\"https:\\\/\\\/michalhejna.cz\\\/blog\\\/2020\\\/07\\\/25\\\/blur-and-photography-neostrost-ve-fotografii\\\/\"},\"wordCount\":671,\"commentCount\":2,\"publisher\":{\"@id\":\"https:\\\/\\\/michalhejna.cz\\\/blog\\\/#\\\/schema\\\/person\\\/6d1d95e2413952dd3b1ce433f4d3013c\"},\"image\":{\"@id\":\"https:\\\/\\\/michalhejna.cz\\\/blog\\\/2020\\\/07\\\/25\\\/blur-and-photography-neostrost-ve-fotografii\\\/#primaryimage\"},\"thumbnailUrl\":\"https:\\\/\\\/i0.wp.com\\\/michalhejna.cz\\\/blog\\\/wp-content\\\/uploads\\\/2020\\\/07\\\/walks-home_02.jpg?fit=900%2C675&ssl=1\",\"keywords\":[\"abstract\",\"colour\",\"portfolio\"],\"articleSection\":[\"Story \\\/ P\u0159\u00edb\u011bh\"],\"inLanguage\":\"cs\",\"potentialAction\":[{\"@type\":\"CommentAction\",\"name\":\"Comment\",\"target\":[\"https:\\\/\\\/michalhejna.cz\\\/blog\\\/2020\\\/07\\\/25\\\/blur-and-photography-neostrost-ve-fotografii\\\/#respond\"]}]},{\"@type\":\"WebPage\",\"@id\":\"https:\\\/\\\/michalhejna.cz\\\/blog\\\/2020\\\/07\\\/25\\\/blur-and-photography-neostrost-ve-fotografii\\\/\",\"url\":\"https:\\\/\\\/michalhejna.cz\\\/blog\\\/2020\\\/07\\\/25\\\/blur-and-photography-neostrost-ve-fotografii\\\/\",\"name\":\"Blur and photography \\\/ Neostrost ve fotografii - Michal Hejna\",\"isPartOf\":{\"@id\":\"https:\\\/\\\/michalhejna.cz\\\/blog\\\/#website\"},\"primaryImageOfPage\":{\"@id\":\"https:\\\/\\\/michalhejna.cz\\\/blog\\\/2020\\\/07\\\/25\\\/blur-and-photography-neostrost-ve-fotografii\\\/#primaryimage\"},\"image\":{\"@id\":\"https:\\\/\\\/michalhejna.cz\\\/blog\\\/2020\\\/07\\\/25\\\/blur-and-photography-neostrost-ve-fotografii\\\/#primaryimage\"},\"thumbnailUrl\":\"https:\\\/\\\/i0.wp.com\\\/michalhejna.cz\\\/blog\\\/wp-content\\\/uploads\\\/2020\\\/07\\\/walks-home_02.jpg?fit=900%2C675&ssl=1\",\"datePublished\":\"2020-07-25T16:00:00+00:00\",\"dateModified\":\"2020-07-28T06:48:59+00:00\",\"description\":\"The city in the middle of winter. Short days in January, when dusk comes early. I walk home alone through abandoned streets. A slow shutter speed slowly collects the remaining light on the photosensitive medium. Movement as a natural part of living.\",\"breadcrumb\":{\"@id\":\"https:\\\/\\\/michalhejna.cz\\\/blog\\\/2020\\\/07\\\/25\\\/blur-and-photography-neostrost-ve-fotografii\\\/#breadcrumb\"},\"inLanguage\":\"cs\",\"potentialAction\":[{\"@type\":\"ReadAction\",\"target\":[\"https:\\\/\\\/michalhejna.cz\\\/blog\\\/2020\\\/07\\\/25\\\/blur-and-photography-neostrost-ve-fotografii\\\/\"]}]},{\"@type\":\"ImageObject\",\"inLanguage\":\"cs\",\"@id\":\"https:\\\/\\\/michalhejna.cz\\\/blog\\\/2020\\\/07\\\/25\\\/blur-and-photography-neostrost-ve-fotografii\\\/#primaryimage\",\"url\":\"https:\\\/\\\/i0.wp.com\\\/michalhejna.cz\\\/blog\\\/wp-content\\\/uploads\\\/2020\\\/07\\\/walks-home_02.jpg?fit=900%2C675&ssl=1\",\"contentUrl\":\"https:\\\/\\\/i0.wp.com\\\/michalhejna.cz\\\/blog\\\/wp-content\\\/uploads\\\/2020\\\/07\\\/walks-home_02.jpg?fit=900%2C675&ssl=1\",\"width\":900,\"height\":675,\"caption\":\"Walks home II \\\/ Cesty dom\u016f II\"},{\"@type\":\"BreadcrumbList\",\"@id\":\"https:\\\/\\\/michalhejna.cz\\\/blog\\\/2020\\\/07\\\/25\\\/blur-and-photography-neostrost-ve-fotografii\\\/#breadcrumb\",\"itemListElement\":[{\"@type\":\"ListItem\",\"position\":1,\"name\":\"Dom\u016f\",\"item\":\"https:\\\/\\\/michalhejna.cz\\\/blog\\\/\"},{\"@type\":\"ListItem\",\"position\":2,\"name\":\"Blur and photography \\\/ Neostrost ve fotografii\"}]},{\"@type\":\"WebSite\",\"@id\":\"https:\\\/\\\/michalhejna.cz\\\/blog\\\/#website\",\"url\":\"https:\\\/\\\/michalhejna.cz\\\/blog\\\/\",\"name\":\"Michal Hejna\",\"description\":\"\",\"publisher\":{\"@id\":\"https:\\\/\\\/michalhejna.cz\\\/blog\\\/#\\\/schema\\\/person\\\/6d1d95e2413952dd3b1ce433f4d3013c\"},\"potentialAction\":[{\"@type\":\"SearchAction\",\"target\":{\"@type\":\"EntryPoint\",\"urlTemplate\":\"https:\\\/\\\/michalhejna.cz\\\/blog\\\/?s={search_term_string}\"},\"query-input\":{\"@type\":\"PropertyValueSpecification\",\"valueRequired\":true,\"valueName\":\"search_term_string\"}}],\"inLanguage\":\"cs\"},{\"@type\":[\"Person\",\"Organization\"],\"@id\":\"https:\\\/\\\/michalhejna.cz\\\/blog\\\/#\\\/schema\\\/person\\\/6d1d95e2413952dd3b1ce433f4d3013c\",\"name\":\"michalhejna\",\"image\":{\"@type\":\"ImageObject\",\"inLanguage\":\"cs\",\"@id\":\"https:\\\/\\\/secure.gravatar.com\\\/avatar\\\/53fd5d6debe3b4e72a445ca6eb79d014d4ff11065e3c4480522ab099a9498895?s=96&d=mm&r=g\",\"url\":\"https:\\\/\\\/secure.gravatar.com\\\/avatar\\\/53fd5d6debe3b4e72a445ca6eb79d014d4ff11065e3c4480522ab099a9498895?s=96&d=mm&r=g\",\"contentUrl\":\"https:\\\/\\\/secure.gravatar.com\\\/avatar\\\/53fd5d6debe3b4e72a445ca6eb79d014d4ff11065e3c4480522ab099a9498895?s=96&d=mm&r=g\",\"caption\":\"michalhejna\"},\"logo\":{\"@id\":\"https:\\\/\\\/secure.gravatar.com\\\/avatar\\\/53fd5d6debe3b4e72a445ca6eb79d014d4ff11065e3c4480522ab099a9498895?s=96&d=mm&r=g\"},\"sameAs\":[\"http:\\\/\\\/michalhejna.cz\\\/blog\"]}]}<\/script>\n<!-- \/ Yoast SEO plugin. -->","yoast_head_json":{"title":"Blur and photography \/ Neostrost ve fotografii - Michal Hejna","description":"The city in the middle of winter. Short days in January, when dusk comes early. I walk home alone through abandoned streets. A slow shutter speed slowly collects the remaining light on the photosensitive medium. Movement as a natural part of living.","robots":{"index":"index","follow":"follow","max-snippet":"max-snippet:-1","max-image-preview":"max-image-preview:large","max-video-preview":"max-video-preview:-1"},"canonical":"https:\/\/michalhejna.cz\/blog\/2020\/07\/25\/blur-and-photography-neostrost-ve-fotografii\/","og_locale":"cs_CZ","og_type":"article","og_title":"Blur and photography \/ Neostrost ve fotografii - Michal Hejna","og_description":"The city in the middle of winter. Short days in January, when dusk comes early. I walk home alone through abandoned streets. A slow shutter speed slowly collects the remaining light on the photosensitive medium. Movement as a natural part of living.","og_url":"https:\/\/michalhejna.cz\/blog\/2020\/07\/25\/blur-and-photography-neostrost-ve-fotografii\/","og_site_name":"Michal Hejna","article_published_time":"2020-07-25T16:00:00+00:00","article_modified_time":"2020-07-28T06:48:59+00:00","og_image":[{"width":900,"height":675,"url":"https:\/\/michalhejna.cz\/blog\/wp-content\/uploads\/2020\/07\/walks-home_02.jpg","type":"image\/jpeg"}],"author":"michalhejna","twitter_card":"summary_large_image","twitter_misc":{"Napsal(a)":"michalhejna","Odhadovan\u00e1 doba \u010dten\u00ed":"3 minuty"},"schema":{"@context":"https:\/\/schema.org","@graph":[{"@type":"Article","@id":"https:\/\/michalhejna.cz\/blog\/2020\/07\/25\/blur-and-photography-neostrost-ve-fotografii\/#article","isPartOf":{"@id":"https:\/\/michalhejna.cz\/blog\/2020\/07\/25\/blur-and-photography-neostrost-ve-fotografii\/"},"author":{"name":"michalhejna","@id":"https:\/\/michalhejna.cz\/blog\/#\/schema\/person\/6d1d95e2413952dd3b1ce433f4d3013c"},"headline":"Blur and photography \/ Neostrost ve fotografii","datePublished":"2020-07-25T16:00:00+00:00","dateModified":"2020-07-28T06:48:59+00:00","mainEntityOfPage":{"@id":"https:\/\/michalhejna.cz\/blog\/2020\/07\/25\/blur-and-photography-neostrost-ve-fotografii\/"},"wordCount":671,"commentCount":2,"publisher":{"@id":"https:\/\/michalhejna.cz\/blog\/#\/schema\/person\/6d1d95e2413952dd3b1ce433f4d3013c"},"image":{"@id":"https:\/\/michalhejna.cz\/blog\/2020\/07\/25\/blur-and-photography-neostrost-ve-fotografii\/#primaryimage"},"thumbnailUrl":"https:\/\/i0.wp.com\/michalhejna.cz\/blog\/wp-content\/uploads\/2020\/07\/walks-home_02.jpg?fit=900%2C675&ssl=1","keywords":["abstract","colour","portfolio"],"articleSection":["Story \/ P\u0159\u00edb\u011bh"],"inLanguage":"cs","potentialAction":[{"@type":"CommentAction","name":"Comment","target":["https:\/\/michalhejna.cz\/blog\/2020\/07\/25\/blur-and-photography-neostrost-ve-fotografii\/#respond"]}]},{"@type":"WebPage","@id":"https:\/\/michalhejna.cz\/blog\/2020\/07\/25\/blur-and-photography-neostrost-ve-fotografii\/","url":"https:\/\/michalhejna.cz\/blog\/2020\/07\/25\/blur-and-photography-neostrost-ve-fotografii\/","name":"Blur and photography \/ Neostrost ve fotografii - Michal Hejna","isPartOf":{"@id":"https:\/\/michalhejna.cz\/blog\/#website"},"primaryImageOfPage":{"@id":"https:\/\/michalhejna.cz\/blog\/2020\/07\/25\/blur-and-photography-neostrost-ve-fotografii\/#primaryimage"},"image":{"@id":"https:\/\/michalhejna.cz\/blog\/2020\/07\/25\/blur-and-photography-neostrost-ve-fotografii\/#primaryimage"},"thumbnailUrl":"https:\/\/i0.wp.com\/michalhejna.cz\/blog\/wp-content\/uploads\/2020\/07\/walks-home_02.jpg?fit=900%2C675&ssl=1","datePublished":"2020-07-25T16:00:00+00:00","dateModified":"2020-07-28T06:48:59+00:00","description":"The city in the middle of winter. Short days in January, when dusk comes early. I walk home alone through abandoned streets. A slow shutter speed slowly collects the remaining light on the photosensitive medium. Movement as a natural part of living.","breadcrumb":{"@id":"https:\/\/michalhejna.cz\/blog\/2020\/07\/25\/blur-and-photography-neostrost-ve-fotografii\/#breadcrumb"},"inLanguage":"cs","potentialAction":[{"@type":"ReadAction","target":["https:\/\/michalhejna.cz\/blog\/2020\/07\/25\/blur-and-photography-neostrost-ve-fotografii\/"]}]},{"@type":"ImageObject","inLanguage":"cs","@id":"https:\/\/michalhejna.cz\/blog\/2020\/07\/25\/blur-and-photography-neostrost-ve-fotografii\/#primaryimage","url":"https:\/\/i0.wp.com\/michalhejna.cz\/blog\/wp-content\/uploads\/2020\/07\/walks-home_02.jpg?fit=900%2C675&ssl=1","contentUrl":"https:\/\/i0.wp.com\/michalhejna.cz\/blog\/wp-content\/uploads\/2020\/07\/walks-home_02.jpg?fit=900%2C675&ssl=1","width":900,"height":675,"caption":"Walks home II \/ Cesty dom\u016f II"},{"@type":"BreadcrumbList","@id":"https:\/\/michalhejna.cz\/blog\/2020\/07\/25\/blur-and-photography-neostrost-ve-fotografii\/#breadcrumb","itemListElement":[{"@type":"ListItem","position":1,"name":"Dom\u016f","item":"https:\/\/michalhejna.cz\/blog\/"},{"@type":"ListItem","position":2,"name":"Blur and photography \/ Neostrost ve fotografii"}]},{"@type":"WebSite","@id":"https:\/\/michalhejna.cz\/blog\/#website","url":"https:\/\/michalhejna.cz\/blog\/","name":"Michal Hejna","description":"","publisher":{"@id":"https:\/\/michalhejna.cz\/blog\/#\/schema\/person\/6d1d95e2413952dd3b1ce433f4d3013c"},"potentialAction":[{"@type":"SearchAction","target":{"@type":"EntryPoint","urlTemplate":"https:\/\/michalhejna.cz\/blog\/?s={search_term_string}"},"query-input":{"@type":"PropertyValueSpecification","valueRequired":true,"valueName":"search_term_string"}}],"inLanguage":"cs"},{"@type":["Person","Organization"],"@id":"https:\/\/michalhejna.cz\/blog\/#\/schema\/person\/6d1d95e2413952dd3b1ce433f4d3013c","name":"michalhejna","image":{"@type":"ImageObject","inLanguage":"cs","@id":"https:\/\/secure.gravatar.com\/avatar\/53fd5d6debe3b4e72a445ca6eb79d014d4ff11065e3c4480522ab099a9498895?s=96&d=mm&r=g","url":"https:\/\/secure.gravatar.com\/avatar\/53fd5d6debe3b4e72a445ca6eb79d014d4ff11065e3c4480522ab099a9498895?s=96&d=mm&r=g","contentUrl":"https:\/\/secure.gravatar.com\/avatar\/53fd5d6debe3b4e72a445ca6eb79d014d4ff11065e3c4480522ab099a9498895?s=96&d=mm&r=g","caption":"michalhejna"},"logo":{"@id":"https:\/\/secure.gravatar.com\/avatar\/53fd5d6debe3b4e72a445ca6eb79d014d4ff11065e3c4480522ab099a9498895?s=96&d=mm&r=g"},"sameAs":["http:\/\/michalhejna.cz\/blog"]}]}},"jetpack_featured_media_url":"https:\/\/i0.wp.com\/michalhejna.cz\/blog\/wp-content\/uploads\/2020\/07\/walks-home_02.jpg?fit=900%2C675&ssl=1","jetpack_sharing_enabled":true,"post_mailing_queue_ids":[],"_links":{"self":[{"href":"https:\/\/michalhejna.cz\/blog\/wp-json\/wp\/v2\/posts\/1041","targetHints":{"allow":["GET"]}}],"collection":[{"href":"https:\/\/michalhejna.cz\/blog\/wp-json\/wp\/v2\/posts"}],"about":[{"href":"https:\/\/michalhejna.cz\/blog\/wp-json\/wp\/v2\/types\/post"}],"author":[{"embeddable":true,"href":"https:\/\/michalhejna.cz\/blog\/wp-json\/wp\/v2\/users\/1"}],"replies":[{"embeddable":true,"href":"https:\/\/michalhejna.cz\/blog\/wp-json\/wp\/v2\/comments?post=1041"}],"version-history":[{"count":15,"href":"https:\/\/michalhejna.cz\/blog\/wp-json\/wp\/v2\/posts\/1041\/revisions"}],"predecessor-version":[{"id":1077,"href":"https:\/\/michalhejna.cz\/blog\/wp-json\/wp\/v2\/posts\/1041\/revisions\/1077"}],"wp:featuredmedia":[{"embeddable":true,"href":"https:\/\/michalhejna.cz\/blog\/wp-json\/wp\/v2\/media\/980"}],"wp:attachment":[{"href":"https:\/\/michalhejna.cz\/blog\/wp-json\/wp\/v2\/media?parent=1041"}],"wp:term":[{"taxonomy":"category","embeddable":true,"href":"https:\/\/michalhejna.cz\/blog\/wp-json\/wp\/v2\/categories?post=1041"},{"taxonomy":"post_tag","embeddable":true,"href":"https:\/\/michalhejna.cz\/blog\/wp-json\/wp\/v2\/tags?post=1041"}],"curies":[{"name":"wp","href":"https:\/\/api.w.org\/{rel}","templated":true}]}}